{"id":12019,"date":"2023-11-07T12:35:28","date_gmt":"2023-11-07T10:35:28","guid":{"rendered":"https:\/\/test.imprimetresde.com\/?p=12019"},"modified":"2025-01-17T12:45:41","modified_gmt":"2025-01-17T10:45:41","slug":"prisciliano-volta-a-vida-coa-impresion-3d","status":"publish","type":"post","link":"https:\/\/test.imprimetresde.com\/gl\/prisciliano-volta-a-vida-coa-impresion-3d\/","title":{"rendered":"Prisciliano volta \u00e1 \u201cvida\u201d coa impresi\u00f3n 3d"},"content":{"rendered":"<p>Hai uns meses recibimos en <a href=\"https:\/\/test.imprimetresde.com\/gl\">I3D<\/a> un encargo do m\u00e1is particular e sobre todo orixinal. Da man do xenial artista multidisciplinar <a href=\"https:\/\/www.nosdiario.gal\/articulo\/cultura\/paco-boluda-ilustrador-semella-que-ate-chegada-romanos-eramos-salvaxes-foi-todo-contrario\/20211210100640133806.html\">Paco Boluda<\/a>, xenio da ilustraci\u00f3n e art\u00edfice da posta en valor dunha das figuras m\u00e1is desco\u00f1ecidas da cultura galega, o <a href=\"https:\/\/gl.wikipedia.org\/wiki\/Prisciliano\">Prisciliano<\/a> da Gallaecia, recibimos a encomenda de modelar e fabricar unha escultura un tama\u00f1o consider\u00e1bel a fin de recrear o m\u00e1is fielmente a personaxe. Prisciliano volta \u00e1 \u201cvida\u201d coa impresi\u00f3n 3d<\/p><p> Prisciliano, ou o \u201cBispo Galego\u201d por excelencia, cobraba de novo vida en papel, nas ilustraci\u00f3ns de Boluda, e despois en tres dimensi\u00f3ns grazas \u00e1 tecnolox\u00eda e dominio da escultura en 3d do obradoiro I3D \u2013 Imprimetresde. <\/p><p><em>Priscilano foi seguidor do&nbsp;<a href=\"https:\/\/gl.wikipedia.org\/wiki\/Gnosticismo\">gnosticismo<\/a>,&nbsp;<a href=\"https:\/\/gl.wikipedia.org\/wiki\/Manique%C3%ADsmo\">manique\u00edsmo<\/a>,&nbsp;<a href=\"https:\/\/gl.wikipedia.org\/wiki\/Ascetismo\">asc\u00e9tico<\/a>&nbsp;e&nbsp;<a href=\"https:\/\/gl.wikipedia.org\/wiki\/Vexetarianismo\">vexetariano<\/a>.<\/em>  <em>Despois duns anos de vida mundana comeza unha conversi\u00f3n \u00e1 vida asc\u00e9tica e a predicar un&nbsp;<a href=\"https:\/\/gl.wikipedia.org\/wiki\/Cristianismo\">cristianismo<\/a>&nbsp;que negaba a existencia do misterio da&nbsp;<a href=\"https:\/\/gl.wikipedia.org\/wiki\/Trindade\">Trindade<\/a>&nbsp;e priorizaba o estudo dos textos sagrados. Os seus postulados son co\u00f1ecidos como&nbsp;<a href=\"https:\/\/gl.wikipedia.org\/wiki\/Priscilianismo\">priscilianismo<\/a>, e est\u00e1 claramente emparentado co gnosticismo relixioso. <\/em><\/p><figure class=\"wp-block-gallery columns-2 is-cropped wp-block-gallery-1 is-layout-flex wp-block-gallery-is-layout-flex\"><ul class=\"blocks-gallery-grid\"><li class=\"blocks-gallery-item\"><figure><img decoding=\"async\" width=\"397\" height=\"1024\" src=\"https:\/\/test.imprimetresde.com\/wp-content\/uploads\/2023\/11\/PRISCILIANO-CLASICO-397x1024.jpg\" alt=\"\" data-id=\"12436\" data-full-url=\"https:\/\/test.imprimetresde.com\/wp-content\/uploads\/2023\/11\/PRISCILIANO-CLASICO.jpg\" data-link=\"https:\/\/test.imprimetresde.com\/gl\/prisciliano-volta-a-vida-coa-impresion-3d\/prisciliano-clasico\/\" class=\"wp-image-12436\" srcset=\"https:\/\/test.imprimetresde.com\/wp-content\/uploads\/2023\/11\/PRISCILIANO-CLASICO-397x1024.jpg 397w, https:\/\/test.imprimetresde.com\/wp-content\/uploads\/2023\/11\/PRISCILIANO-CLASICO-116x300.jpg 116w, https:\/\/test.imprimetresde.com\/wp-content\/uploads\/2023\/11\/PRISCILIANO-CLASICO.jpg 496w\" sizes=\"(max-width: 397px) 100vw, 397px\" \/><figcaption class=\"blocks-gallery-item__caption\">Ilustraci\u00f3n de Paco Boluda<\/figcaption><\/figure><\/li><li class=\"blocks-gallery-item\"><figure><img decoding=\"async\" width=\"701\" height=\"1024\" src=\"https:\/\/test.imprimetresde.com\/wp-content\/uploads\/2023\/11\/2023-04-26_13-08-09-e1699354574780-701x1024.png\" alt=\"zbrush_prisiliano\" data-id=\"12433\" data-full-url=\"https:\/\/test.imprimetresde.com\/wp-content\/uploads\/2023\/11\/2023-04-26_13-08-09-e1699354574780.png\" data-link=\"https:\/\/test.imprimetresde.com\/gl\/prisciliano-volta-a-vida-coa-impresion-3d\/2023-04-26_13-08-09\/\" class=\"wp-image-12433\" srcset=\"https:\/\/test.imprimetresde.com\/wp-content\/uploads\/2023\/11\/2023-04-26_13-08-09-e1699354574780-701x1024.png 701w, https:\/\/test.imprimetresde.com\/wp-content\/uploads\/2023\/11\/2023-04-26_13-08-09-e1699354574780-205x300.png 205w, https:\/\/test.imprimetresde.com\/wp-content\/uploads\/2023\/11\/2023-04-26_13-08-09-e1699354574780-500x730.png 500w, https:\/\/test.imprimetresde.com\/wp-content\/uploads\/2023\/11\/2023-04-26_13-08-09-e1699354574780-570x833.png 570w, https:\/\/test.imprimetresde.com\/wp-content\/uploads\/2023\/11\/2023-04-26_13-08-09-e1699354574780.png 714w\" sizes=\"(max-width: 701px) 100vw, 701px\" \/><figcaption class=\"blocks-gallery-item__caption\">Modelo 3d realizado por esculpido digital con Zbrush<\/figcaption><\/figure><\/li><\/ul><\/figure><p>Partimos das ilustraci\u00f3ns realizadas por Boluda con gran detalle, onde se presenta a Prisciliano como un home de mediana idade con aspecto solemne, case m\u00edstico. Roupas que o presentan como un home relixioso pero coa simbolox\u00eda propia da cultura Celta, a propia da Gallaecia da \u00e9poca.<\/p><p>Realizamos un esculpido dixital en base \u00e1 documentaci\u00f3n gr\u00e1fica, realizando unha peza con marcado aspecto relixioso,  <\/p><p>Nac\u00eda as\u00ed de novo esta figura que orixinariamente habitara as nosas terras al\u00f3 polo s\u00e9culo I d.c., e que persoas como Paco Boluda pretenden dar a co\u00f1ecer \u00e1 unha gran maior\u00eda de xente \u00e1 quen lles \u00e9 totalmente desco\u00f1ecido. Para iso, nada mellor que levalo f\u00edsicamente con el al\u00ed onde o reclaman para falar desta figura hist\u00f3rica.<\/p><p class=\"has-text-align-right\">As\u00ed, I3D recreou un Prisciliano a tama\u00f1o 50cm de altura e impreso a unha cor en PLA granito gris.<\/p><figure class=\"wp-block-gallery aligncenter columns-2 is-cropped wp-block-gallery-2 is-layout-flex wp-block-gallery-is-layout-flex\"><ul class=\"blocks-gallery-grid\"><li class=\"blocks-gallery-item\"><figure><img decoding=\"async\" width=\"768\" height=\"1024\" src=\"https:\/\/test.imprimetresde.com\/wp-content\/uploads\/2023\/11\/IMG_20230531_150047-768x1024.jpg\" alt=\"\" data-id=\"12439\" class=\"wp-image-12439\" srcset=\"https:\/\/test.imprimetresde.com\/wp-content\/uploads\/2023\/11\/IMG_20230531_150047-768x1024.jpg 768w, https:\/\/test.imprimetresde.com\/wp-content\/uploads\/2023\/11\/IMG_20230531_150047-225x300.jpg 225w, https:\/\/test.imprimetresde.com\/wp-content\/uploads\/2023\/11\/IMG_20230531_150047-1152x1536.jpg 1152w, https:\/\/test.imprimetresde.com\/wp-content\/uploads\/2023\/11\/IMG_20230531_150047-1536x2048.jpg 1536w, https:\/\/test.imprimetresde.com\/wp-content\/uploads\/2023\/11\/IMG_20230531_150047-500x667.jpg 500w, https:\/\/test.imprimetresde.com\/wp-content\/uploads\/2023\/11\/IMG_20230531_150047-800x1067.jpg 800w, https:\/\/test.imprimetresde.com\/wp-content\/uploads\/2023\/11\/IMG_20230531_150047-1280x1707.jpg 1280w, https:\/\/test.imprimetresde.com\/wp-content\/uploads\/2023\/11\/IMG_20230531_150047-scaled.jpg 1920w, https:\/\/test.imprimetresde.com\/wp-content\/uploads\/2023\/11\/IMG_20230531_150047-570x760.jpg 570w\" sizes=\"(max-width: 768px) 100vw, 768px\" \/><figcaption class=\"blocks-gallery-item__caption\">Imprimindo o dese\u00f1o 3d<\/figcaption><\/figure><\/li><li class=\"blocks-gallery-item\"><figure><img decoding=\"async\" width=\"768\" height=\"1024\" src=\"https:\/\/test.imprimetresde.com\/wp-content\/uploads\/2023\/11\/IMG_20230606_143707-768x1024.jpg\" alt=\"\" data-id=\"12445\" data-full-url=\"https:\/\/test.imprimetresde.com\/wp-content\/uploads\/2023\/11\/IMG_20230606_143707-scaled.jpg\" data-link=\"https:\/\/test.imprimetresde.com\/gl\/?attachment_id=12445\" class=\"wp-image-12445\" srcset=\"https:\/\/test.imprimetresde.com\/wp-content\/uploads\/2023\/11\/IMG_20230606_143707-768x1024.jpg 768w, https:\/\/test.imprimetresde.com\/wp-content\/uploads\/2023\/11\/IMG_20230606_143707-225x300.jpg 225w, https:\/\/test.imprimetresde.com\/wp-content\/uploads\/2023\/11\/IMG_20230606_143707-1152x1536.jpg 1152w, https:\/\/test.imprimetresde.com\/wp-content\/uploads\/2023\/11\/IMG_20230606_143707-1536x2048.jpg 1536w, https:\/\/test.imprimetresde.com\/wp-content\/uploads\/2023\/11\/IMG_20230606_143707-500x667.jpg 500w, https:\/\/test.imprimetresde.com\/wp-content\/uploads\/2023\/11\/IMG_20230606_143707-800x1067.jpg 800w, https:\/\/test.imprimetresde.com\/wp-content\/uploads\/2023\/11\/IMG_20230606_143707-1280x1707.jpg 1280w, https:\/\/test.imprimetresde.com\/wp-content\/uploads\/2023\/11\/IMG_20230606_143707-scaled.jpg 1920w, https:\/\/test.imprimetresde.com\/wp-content\/uploads\/2023\/11\/IMG_20230606_143707-570x760.jpg 570w\" sizes=\"(max-width: 768px) 100vw, 768px\" \/><figcaption class=\"blocks-gallery-item__caption\">Resultado final da peza fabricada en PLA granito gris, 50 cm de altura<\/figcaption><\/figure><\/li><\/ul><\/figure><p><\/p><p class=\"has-text-align-left\">Tras o lixado e a postproducci\u00f3n, f\u00f3iselle entregado a Boluda que se encargou de pintalo. O resultado, asombroso, \u00e9 este:<\/p><div class=\"wp-block-image is-style-default\"><figure class=\"aligncenter is-resized\"><img decoding=\"async\" src=\"https:\/\/test.imprimetresde.com\/wp-content\/uploads\/2023\/11\/PRISCI-FRONT.jpg\" alt=\"Prisciliano_I3D\" class=\"wp-image-12430\" width=\"408\" height=\"1000\" srcset=\"https:\/\/test.imprimetresde.com\/wp-content\/uploads\/2023\/11\/PRISCI-FRONT.jpg 816w, https:\/\/test.imprimetresde.com\/wp-content\/uploads\/2023\/11\/PRISCI-FRONT-122x300.jpg 122w, https:\/\/test.imprimetresde.com\/wp-content\/uploads\/2023\/11\/PRISCI-FRONT-418x1024.jpg 418w, https:\/\/test.imprimetresde.com\/wp-content\/uploads\/2023\/11\/PRISCI-FRONT-768x1882.jpg 768w, https:\/\/test.imprimetresde.com\/wp-content\/uploads\/2023\/11\/PRISCI-FRONT-627x1536.jpg 627w, https:\/\/test.imprimetresde.com\/wp-content\/uploads\/2023\/11\/PRISCI-FRONT-500x1225.jpg 500w, https:\/\/test.imprimetresde.com\/wp-content\/uploads\/2023\/11\/PRISCI-FRONT-800x1961.jpg 800w, https:\/\/test.imprimetresde.com\/wp-content\/uploads\/2023\/11\/PRISCI-FRONT-570x1397.jpg 570w\" sizes=\"(max-width: 408px) 100vw, 408px\" \/><figcaption>Escultura rematada e pintada por Paco Boluda<\/figcaption><\/figure><\/div>","protected":false},"excerpt":{"rendered":"<p>Hai uns meses recibimos en I3D un encargo do m\u00e1is particular e sobre todo orixinal. Da man do xenial artista multidisciplinar Paco Boluda, xenio da ilustraci\u00f3n e art\u00edfice da posta en valor dunha das figuras m\u00e1is desco\u00f1ecidas da cultura galega, o Prisciliano da Gallaecia, recibimos a encomenda de modelar e fabricar unha escultura un tama\u00f1o consider\u00e1bel a fin de recrear o m\u00e1is fielmente a personaxe. Prisciliano volta \u00e1 \u201cvida\u201d coa impresi\u00f3n 3d<\/p>\n","protected":false},"author":1,"featured_media":12448,"comment_status":"open","ping_status":"open","sticky":false,"template":"","format":"standard","meta":{"_vp_format_video_url":"","_vp_image_focal_point":{"x":0.51,"y":0.36},"footnotes":""},"categories":[324],"tags":[2421,2424,2832,2423,2425,2420,2419,2422],"class_list":["post-12019","post","type-post","status-publish","format-standard","has-post-thumbnail","hentry","category-tendencias-gl","tag-escultura-3d-2","tag-flsun-v400","tag-gallaecia","tag-i3d","tag-imprimetresde","tag-paco-boluda","tag-prisciliano","tag-zbrush"],"_links":{"self":[{"href":"https:\/\/test.imprimetresde.com\/gl\/wp-json\/wp\/v2\/posts\/12019","targetHints":{"allow":["GET"]}}],"collection":[{"href":"https:\/\/test.imprimetresde.com\/gl\/wp-json\/wp\/v2\/posts"}],"about":[{"href":"https:\/\/test.imprimetresde.com\/gl\/wp-json\/wp\/v2\/types\/post"}],"author":[{"embeddable":true,"href":"https:\/\/test.imprimetresde.com\/gl\/wp-json\/wp\/v2\/users\/1"}],"replies":[{"embeddable":true,"href":"https:\/\/test.imprimetresde.com\/gl\/wp-json\/wp\/v2\/comments?post=12019"}],"version-history":[{"count":0,"href":"https:\/\/test.imprimetresde.com\/gl\/wp-json\/wp\/v2\/posts\/12019\/revisions"}],"wp:featuredmedia":[{"embeddable":true,"href":"https:\/\/test.imprimetresde.com\/gl\/wp-json\/wp\/v2\/media\/12448"}],"wp:attachment":[{"href":"https:\/\/test.imprimetresde.com\/gl\/wp-json\/wp\/v2\/media?parent=12019"}],"wp:term":[{"taxonomy":"category","embeddable":true,"href":"https:\/\/test.imprimetresde.com\/gl\/wp-json\/wp\/v2\/categories?post=12019"},{"taxonomy":"post_tag","embeddable":true,"href":"https:\/\/test.imprimetresde.com\/gl\/wp-json\/wp\/v2\/tags?post=12019"}],"curies":[{"name":"wp","href":"https:\/\/api.w.org\/{rel}","templated":true}]}}