{"id":12541,"date":"2023-11-24T19:23:51","date_gmt":"2023-11-24T17:23:51","guid":{"rendered":"https:\/\/test.imprimetresde.com\/?p=12541"},"modified":"2025-01-17T12:43:24","modified_gmt":"2025-01-17T10:43:24","slug":"i3d-tech-no-ai-song-contest-2023","status":"publish","type":"post","link":"https:\/\/test.imprimetresde.com\/gl\/i3d-tech-no-ai-song-contest-2023\/","title":{"rendered":"I3D Tech no AI SONG CONTEST 2023"},"content":{"rendered":"<p><a href=\"https:\/\/tech.i3d.gal\/\" target=\"_blank\" rel=\"noreferrer noopener\">I3D Tech<\/a>, a marca t\u00e9cnica de <a href=\"https:\/\/test.imprimetresde.com\" target=\"_blank\" rel=\"noreferrer noopener\">I3D<\/a> \u2013 Dese\u00f1o galego impreso en 3D, figurou como partner da 4\u00aa edici\u00f3n do AI SONG CONTEST que se celebrou o pasado 4 de novembro na <a href=\"https:\/\/www.cidadedastic.gal\/gl\/inicio\/\" target=\"_blank\" rel=\"noreferrer noopener\">Cidade das TIC<\/a> da Coru\u00f1a. Para esta ocasi\u00f3n encarg\u00e1ronnos a impresi\u00f3n en 3D do corp\u00f3reo do logo AI SONG CONTEST en PLA branco e con medidas 218cm x 42 cm.<\/p><p>O Festival Mundial da Canci\u00f3n de Intelixencia Artificial, <a href=\"https:\/\/www.aisongcontest.com\/\" target=\"_blank\" rel=\"noreferrer noopener\">AI SONG CONTEST<\/a>, celebrou a s\u00faa 4\u00aa edici\u00f3n na Cidade das TIC da Coru\u00f1a e \u00e1 noite emitiuse en directo a gala da final pola canle online da RTVE, <a href=\"https:\/\/www.rtve.es\/play\/videos\/eurovision\/final-del-ai-song-contest-2023-rtve-play\/6996308\/\" target=\"_blank\" rel=\"noreferrer noopener\">Rtve Play<\/a>, desde o plat\u00f3 de <a href=\"https:\/\/follow.gal\/studio\" target=\"_blank\" rel=\"noreferrer noopener\">Studio Follow<\/a>. Ata al\u00ed viaxou tam\u00e9n o corp\u00f3reo AI SONG CONTEST dese\u00f1ado e impreso en 3D por I3D Tech. V\u00e9molo aqu\u00ed no centro do escenario.<\/p><p><em>Video completo: <a href=\"https:\/\/www.rtve.es\/play\/videos\/eurovision\/ai-song-contest-final-coruna\/7004395\/\">https:\/\/www.rtve.es\/play\/videos\/eurovision\/ai-song-contest-final-coruna\/7004395\/<\/a><\/em><\/p><figure class=\"wp-block-gallery columns-2 is-cropped wp-block-gallery-1 is-layout-flex wp-block-gallery-is-layout-flex\"><ul class=\"blocks-gallery-grid\"><li class=\"blocks-gallery-item\"><figure><img decoding=\"async\" width=\"1024\" height=\"861\" src=\"https:\/\/test.imprimetresde.com\/wp-content\/uploads\/2023\/11\/image-1-1024x861.png\" alt=\"\" data-id=\"12546\" data-full-url=\"https:\/\/test.imprimetresde.com\/wp-content\/uploads\/2023\/11\/image-1.png\" data-link=\"https:\/\/test.imprimetresde.com\/gl\/image-1\/\" class=\"wp-image-12546\" srcset=\"https:\/\/test.imprimetresde.com\/wp-content\/uploads\/2023\/11\/image-1-1024x861.png 1024w, https:\/\/test.imprimetresde.com\/wp-content\/uploads\/2023\/11\/image-1-300x252.png 300w, https:\/\/test.imprimetresde.com\/wp-content\/uploads\/2023\/11\/image-1-768x646.png 768w, https:\/\/test.imprimetresde.com\/wp-content\/uploads\/2023\/11\/image-1-500x420.png 500w, https:\/\/test.imprimetresde.com\/wp-content\/uploads\/2023\/11\/image-1-800x673.png 800w, https:\/\/test.imprimetresde.com\/wp-content\/uploads\/2023\/11\/image-1-570x479.png 570w, https:\/\/test.imprimetresde.com\/wp-content\/uploads\/2023\/11\/image-1.png 1080w\" sizes=\"(max-width: 1024px) 100vw, 1024px\" \/><figcaption class=\"blocks-gallery-item__caption\">Bailador e bailadora de <a href=\"http:\/\/www.xacarandaina.com\/\" target=\"_blank\" rel=\"noreferrer noopener\">Xacarandaina<\/a> inauguran a gala<\/figcaption><\/figure><\/li><li class=\"blocks-gallery-item\"><figure><img decoding=\"async\" width=\"1024\" height=\"889\" src=\"https:\/\/test.imprimetresde.com\/wp-content\/uploads\/2023\/11\/image-2-1024x889.png\" alt=\"\" data-id=\"12549\" data-full-url=\"https:\/\/test.imprimetresde.com\/wp-content\/uploads\/2023\/11\/image-2.png\" data-link=\"https:\/\/test.imprimetresde.com\/gl\/image-2\/\" class=\"wp-image-12549\" srcset=\"https:\/\/test.imprimetresde.com\/wp-content\/uploads\/2023\/11\/image-2-1024x889.png 1024w, https:\/\/test.imprimetresde.com\/wp-content\/uploads\/2023\/11\/image-2-300x260.png 300w, https:\/\/test.imprimetresde.com\/wp-content\/uploads\/2023\/11\/image-2-768x667.png 768w, https:\/\/test.imprimetresde.com\/wp-content\/uploads\/2023\/11\/image-2-1536x1334.png 1536w, https:\/\/test.imprimetresde.com\/wp-content\/uploads\/2023\/11\/image-2-500x434.png 500w, https:\/\/test.imprimetresde.com\/wp-content\/uploads\/2023\/11\/image-2-800x695.png 800w, https:\/\/test.imprimetresde.com\/wp-content\/uploads\/2023\/11\/image-2-1280x1111.png 1280w, https:\/\/test.imprimetresde.com\/wp-content\/uploads\/2023\/11\/image-2-1920x1667.png 1920w, https:\/\/test.imprimetresde.com\/wp-content\/uploads\/2023\/11\/image-2-570x495.png 570w, https:\/\/test.imprimetresde.com\/wp-content\/uploads\/2023\/11\/image-2.png 2048w\" sizes=\"(max-width: 1024px) 100vw, 1024px\" \/><figcaption class=\"blocks-gallery-item__caption\">Equipo PAMP! recibindo o premio do p\u00fablico<\/figcaption><\/figure><\/li><\/ul><\/figure><p>O equipo PAMP! Galicia acadou o premio do p\u00fablico pola canci\u00f3n ca que concursaban, #Florespi\u00f1a, en homenaxe a grande Ana Kiro e f\u00edxoselles entrega da Serea de Castelao, dese\u00f1o e impresi\u00f3n tam\u00e9n de I3D.<\/p><p>Opening na Cidade das TIC. <\/p><p>Presentaci\u00f3n do evento e intervenci\u00f3n de autoridades:<\/p><figure class=\"wp-block-image size-large\"><img decoding=\"async\" width=\"1024\" height=\"575\" src=\"https:\/\/test.imprimetresde.com\/wp-content\/uploads\/2023\/11\/image-3-1024x575.png\" alt=\"\" class=\"wp-image-12551\" srcset=\"https:\/\/test.imprimetresde.com\/wp-content\/uploads\/2023\/11\/image-3-1024x575.png 1024w, https:\/\/test.imprimetresde.com\/wp-content\/uploads\/2023\/11\/image-3-300x169.png 300w, https:\/\/test.imprimetresde.com\/wp-content\/uploads\/2023\/11\/image-3-768x431.png 768w, https:\/\/test.imprimetresde.com\/wp-content\/uploads\/2023\/11\/image-3-500x281.png 500w, https:\/\/test.imprimetresde.com\/wp-content\/uploads\/2023\/11\/image-3-800x449.png 800w, https:\/\/test.imprimetresde.com\/wp-content\/uploads\/2023\/11\/image-3-570x320.png 570w, https:\/\/test.imprimetresde.com\/wp-content\/uploads\/2023\/11\/image-3.png 1280w\" sizes=\"(max-width: 1024px) 100vw, 1024px\" \/><figcaption><span class=\"has-inline-color has-black-color\">Acto de inauguraci\u00f3n con autoridades do Ministerio e da Xunta e parte do equipo organizador<\/span>.<\/figcaption><\/figure><figure class=\"wp-block-gallery aligncenter columns-2 is-cropped wp-block-gallery-2 is-layout-flex wp-block-gallery-is-layout-flex\"><ul class=\"blocks-gallery-grid\"><li class=\"blocks-gallery-item\"><figure><img decoding=\"async\" width=\"570\" height=\"1024\" src=\"https:\/\/test.imprimetresde.com\/wp-content\/uploads\/2023\/11\/image-9-e1700847103679-570x1024.png\" alt=\"\" data-id=\"12575\" data-full-url=\"https:\/\/test.imprimetresde.com\/wp-content\/uploads\/2023\/11\/image-9-e1700847103679.png\" data-link=\"https:\/\/test.imprimetresde.com\/gl\/i3d-tech-no-ai-song-contest-2023\/image-9\/\" class=\"wp-image-12575\" srcset=\"https:\/\/test.imprimetresde.com\/wp-content\/uploads\/2023\/11\/image-9-e1700847103679-570x1023.png 570w, https:\/\/test.imprimetresde.com\/wp-content\/uploads\/2023\/11\/image-9-e1700847103679-167x300.png 167w, https:\/\/test.imprimetresde.com\/wp-content\/uploads\/2023\/11\/image-9-e1700847103679-500x898.png 500w, https:\/\/test.imprimetresde.com\/wp-content\/uploads\/2023\/11\/image-9-e1700847103679.png 611w\" sizes=\"(max-width: 570px) 100vw, 570px\" \/><figcaption class=\"blocks-gallery-item__caption\">Amparo Alonso, ex Presidenta Asoc. Espa\u00f1ola de Inteligencia Artificial (AEPIA)<\/figcaption><\/figure><\/li><li class=\"blocks-gallery-item\"><figure><img decoding=\"async\" width=\"570\" height=\"1024\" src=\"https:\/\/test.imprimetresde.com\/wp-content\/uploads\/2023\/11\/image-10-e1700847163381-570x1024.png\" alt=\"\" data-id=\"12579\" data-full-url=\"https:\/\/test.imprimetresde.com\/wp-content\/uploads\/2023\/11\/image-10-e1700847163381.png\" data-link=\"https:\/\/test.imprimetresde.com\/gl\/i3d-tech-no-ai-song-contest-2023\/image-10\/\" class=\"wp-image-12579\" srcset=\"https:\/\/test.imprimetresde.com\/wp-content\/uploads\/2023\/11\/image-10-e1700847163381-570x1023.png 570w, https:\/\/test.imprimetresde.com\/wp-content\/uploads\/2023\/11\/image-10-e1700847163381-167x300.png 167w, https:\/\/test.imprimetresde.com\/wp-content\/uploads\/2023\/11\/image-10-e1700847163381-500x898.png 500w, https:\/\/test.imprimetresde.com\/wp-content\/uploads\/2023\/11\/image-10-e1700847163381.png 611w\" sizes=\"(max-width: 570px) 100vw, 570px\" \/><figcaption class=\"blocks-gallery-item__caption\">Gonzalo Trenor (Xunta de Galicia)<\/figcaption><\/figure><\/li><\/ul><\/figure><p>O \u201cmaking off\u201d da entrega dos AI SONG CONTEST 2023:<\/p><figure class=\"wp-block-image size-large\"><img decoding=\"async\" width=\"1024\" height=\"575\" src=\"https:\/\/test.imprimetresde.com\/wp-content\/uploads\/2023\/11\/image-11-1024x575.png\" alt=\"\" class=\"wp-image-12583\" srcset=\"https:\/\/test.imprimetresde.com\/wp-content\/uploads\/2023\/11\/image-11-1024x575.png 1024w, https:\/\/test.imprimetresde.com\/wp-content\/uploads\/2023\/11\/image-11-300x169.png 300w, https:\/\/test.imprimetresde.com\/wp-content\/uploads\/2023\/11\/image-11-768x431.png 768w, https:\/\/test.imprimetresde.com\/wp-content\/uploads\/2023\/11\/image-11-500x281.png 500w, https:\/\/test.imprimetresde.com\/wp-content\/uploads\/2023\/11\/image-11-800x449.png 800w, https:\/\/test.imprimetresde.com\/wp-content\/uploads\/2023\/11\/image-11-570x320.png 570w, https:\/\/test.imprimetresde.com\/wp-content\/uploads\/2023\/11\/image-11.png 1280w\" sizes=\"(max-width: 1024px) 100vw, 1024px\" \/><figcaption>I3D fai entrega das Sereas Conmemorativas (10cm+ peana personalizada) ao equipo de producci\u00f3n do evento<br>Na imaxe, Natasha Mangal e Rebecca Leger. Os outros dous compo\u00f1entes do equipo son Ryan Groves e Jonh Ashley Burgoyne.<\/figcaption><\/figure><figure class=\"wp-block-image size-large\"><img decoding=\"async\" width=\"1024\" height=\"575\" src=\"https:\/\/test.imprimetresde.com\/wp-content\/uploads\/2023\/11\/image-12-1024x575.png\" alt=\"\" class=\"wp-image-12586\" srcset=\"https:\/\/test.imprimetresde.com\/wp-content\/uploads\/2023\/11\/image-12-1024x575.png 1024w, https:\/\/test.imprimetresde.com\/wp-content\/uploads\/2023\/11\/image-12-300x169.png 300w, https:\/\/test.imprimetresde.com\/wp-content\/uploads\/2023\/11\/image-12-768x431.png 768w, https:\/\/test.imprimetresde.com\/wp-content\/uploads\/2023\/11\/image-12-500x281.png 500w, https:\/\/test.imprimetresde.com\/wp-content\/uploads\/2023\/11\/image-12-800x449.png 800w, https:\/\/test.imprimetresde.com\/wp-content\/uploads\/2023\/11\/image-12-570x320.png 570w, https:\/\/test.imprimetresde.com\/wp-content\/uploads\/2023\/11\/image-12.png 1280w\" sizes=\"(max-width: 1024px) 100vw, 1024px\" \/><figcaption>Con Joel Cava, Produtor Executivo do AI SONG CONTEST 2023, PAMP! AI-Lalelo + Florespi\u00f1a (GZ)<\/figcaption><\/figure><div class=\"wp-block-image\"><figure class=\"aligncenter size-large\"><img decoding=\"async\" width=\"1024\" height=\"859\" src=\"https:\/\/test.imprimetresde.com\/wp-content\/uploads\/2023\/11\/2023-11-24_20-04-39-1024x859.png\" alt=\"\" class=\"wp-image-12606\" srcset=\"https:\/\/test.imprimetresde.com\/wp-content\/uploads\/2023\/11\/2023-11-24_20-04-39-1024x859.png 1024w, https:\/\/test.imprimetresde.com\/wp-content\/uploads\/2023\/11\/2023-11-24_20-04-39-300x252.png 300w, https:\/\/test.imprimetresde.com\/wp-content\/uploads\/2023\/11\/2023-11-24_20-04-39-768x644.png 768w, https:\/\/test.imprimetresde.com\/wp-content\/uploads\/2023\/11\/2023-11-24_20-04-39-500x419.png 500w, https:\/\/test.imprimetresde.com\/wp-content\/uploads\/2023\/11\/2023-11-24_20-04-39-800x671.png 800w, https:\/\/test.imprimetresde.com\/wp-content\/uploads\/2023\/11\/2023-11-24_20-04-39-570x478.png 570w, https:\/\/test.imprimetresde.com\/wp-content\/uploads\/2023\/11\/2023-11-24_20-04-39.png 1048w\" sizes=\"(max-width: 1024px) 100vw, 1024px\" \/><figcaption>Info completa do AI SONG CONTEST 2023 na s\u00faa web: <a href=\"https:\/\/www.aisongcontest.com\/\">https:\/\/www.aisongcontest.com\/<\/a><\/figcaption><\/figure><\/div><p><\/p>","protected":false},"excerpt":{"rendered":"<p>I3D Tech, a marca t\u00e9cnica de I3D \u2013 Dese\u00f1o galego impreso en 3D, figurou como partner da 4\u00aa edici\u00f3n do AI SONG CONTEST que se celebrou o pasado 4 de novembro na Cidade das TIC da Coru\u00f1a. Para esta ocasi\u00f3n encarg\u00e1ronnos a impresi\u00f3n en 3D do corp\u00f3reo do logo AI SONG CONTEST en PLA branco e con medidas 218cm x 42 cm.<\/p>\n","protected":false},"author":1,"featured_media":12563,"comment_status":"closed","ping_status":"open","sticky":false,"template":"","format":"standard","meta":{"_vp_format_video_url":"","_vp_image_focal_point":[],"footnotes":""},"categories":[326,325],"tags":[2467,2473,2831,2472,2144,2468,2469],"class_list":["post-12541","post","type-post","status-publish","format-standard","has-post-thumbnail","hentry","category-noticias-gl","category-realizacions-gl","tag-ai-song-contest","tag-cidade-das-tic","tag-eurovision","tag-festival","tag-impresion-3d-gl","tag-pamp","tag-rotulacion-3d"],"_links":{"self":[{"href":"https:\/\/test.imprimetresde.com\/gl\/wp-json\/wp\/v2\/posts\/12541","targetHints":{"allow":["GET"]}}],"collection":[{"href":"https:\/\/test.imprimetresde.com\/gl\/wp-json\/wp\/v2\/posts"}],"about":[{"href":"https:\/\/test.imprimetresde.com\/gl\/wp-json\/wp\/v2\/types\/post"}],"author":[{"embeddable":true,"href":"https:\/\/test.imprimetresde.com\/gl\/wp-json\/wp\/v2\/users\/1"}],"replies":[{"embeddable":true,"href":"https:\/\/test.imprimetresde.com\/gl\/wp-json\/wp\/v2\/comments?post=12541"}],"version-history":[{"count":0,"href":"https:\/\/test.imprimetresde.com\/gl\/wp-json\/wp\/v2\/posts\/12541\/revisions"}],"wp:featuredmedia":[{"embeddable":true,"href":"https:\/\/test.imprimetresde.com\/gl\/wp-json\/wp\/v2\/media\/12563"}],"wp:attachment":[{"href":"https:\/\/test.imprimetresde.com\/gl\/wp-json\/wp\/v2\/media?parent=12541"}],"wp:term":[{"taxonomy":"category","embeddable":true,"href":"https:\/\/test.imprimetresde.com\/gl\/wp-json\/wp\/v2\/categories?post=12541"},{"taxonomy":"post_tag","embeddable":true,"href":"https:\/\/test.imprimetresde.com\/gl\/wp-json\/wp\/v2\/tags?post=12541"}],"curies":[{"name":"wp","href":"https:\/\/api.w.org\/{rel}","templated":true}]}}