{"id":5242,"date":"2017-02-22T13:06:45","date_gmt":"2017-02-22T12:06:45","guid":{"rendered":"https:\/\/test.imprimetresde.com\/?p=5242\/"},"modified":"2022-12-07T19:12:57","modified_gmt":"2022-12-07T17:12:57","slug":"atrezzo-para-falar-sen-cancelas-de-culturactiva","status":"publish","type":"post","link":"https:\/\/test.imprimetresde.com\/gl\/atrezzo-para-falar-sen-cancelas-de-culturactiva\/","title":{"rendered":"Atrezzo para Falar sen Cancelas de Culturactiva"},"content":{"rendered":"<p>Cando recibimos o encargo de imprimir amorodos, patacas e grelos para o atrezzo de \u201cFalar sen Cancelas\u201d pensamos que en verdade o equipo de Culturactiva confiaba moito en n\u00f3s! \ud83d\ude00 Mais, tendo xa feita unha m\u00e1is que atinada reproduci\u00f3n dun queixo do pa\u00eds dixemos: por que non?<\/p>\n\n\t\t<style type=\"text\/css\">\n\t\t\t#gallery-1 {\n\t\t\t\tmargin: auto;\n\t\t\t}\n\t\t\t#gallery-1 .gallery-item {\n\t\t\t\tfloat: left;\n\t\t\t\tmargin-top: 10px;\n\t\t\t\ttext-align: center;\n\t\t\t\twidth: 33%;\n\t\t\t}\n\t\t\t#gallery-1 img {\n\t\t\t\tborder: 2px solid #cfcfcf;\n\t\t\t}\n\t\t\t#gallery-1 .gallery-caption {\n\t\t\t\tmargin-left: 0;\n\t\t\t}\n\t\t\t\/* see gallery_shortcode() in wp-includes\/media.php *\/\n\t\t<\/style>\n\t\t<div id='gallery-1' class='gallery galleryid-5242 gallery-columns-3 gallery-size-thumbnail'><dl class='gallery-item'>\n\t\t\t<dt class='gallery-icon landscape'>\n\t\t\t\t<a href='https:\/\/test.imprimetresde.com\/gl\/atrezzo-para-falar-sen-cancelas-de-culturactiva\/dsc07439optjpg-2\/'><img decoding=\"async\" width=\"150\" height=\"150\" src=\"https:\/\/test.imprimetresde.com\/wp-content\/uploads\/2017\/02\/DSC07439optjpg-150x150.jpg\" class=\"attachment-thumbnail size-thumbnail\" alt=\"\" aria-describedby=\"gallery-1-5146\" srcset=\"https:\/\/test.imprimetresde.com\/wp-content\/uploads\/2017\/02\/DSC07439optjpg-150x150.jpg 150w, https:\/\/test.imprimetresde.com\/wp-content\/uploads\/2017\/02\/DSC07439optjpg-100x100.jpg 100w\" sizes=\"(max-width: 150px) 100vw, 150px\" \/><\/a>\n\t\t\t<\/dt>\n\t\t\t\t<dd class='wp-caption-text gallery-caption' id='gallery-1-5146'>\n\t\t\t\tQueixo do Pais Rematado\n\t\t\t\t<\/dd><\/dl><dl class='gallery-item'>\n\t\t\t<dt class='gallery-icon landscape'>\n\t\t\t\t<a href='https:\/\/test.imprimetresde.com\/gl\/atrezzo-para-falar-sen-cancelas-de-culturactiva\/comparacionqueixos-2\/'><img decoding=\"async\" width=\"150\" height=\"150\" src=\"https:\/\/test.imprimetresde.com\/wp-content\/uploads\/2017\/02\/ComparacionQueixos-150x150.jpg\" class=\"attachment-thumbnail size-thumbnail\" alt=\"\" aria-describedby=\"gallery-1-5147\" srcset=\"https:\/\/test.imprimetresde.com\/wp-content\/uploads\/2017\/02\/ComparacionQueixos-150x150.jpg 150w, https:\/\/test.imprimetresde.com\/wp-content\/uploads\/2017\/02\/ComparacionQueixos-100x100.jpg 100w\" sizes=\"(max-width: 150px) 100vw, 150px\" \/><\/a>\n\t\t\t<\/dt>\n\t\t\t\t<dd class='wp-caption-text gallery-caption' id='gallery-1-5147'>\n\t\t\t\tComparaci\u00f3n co Queixo Real\n\t\t\t\t<\/dd><\/dl>\n\t\t\t<br style='clear: both' \/>\n\t\t<\/div>\n\n<p>E al\u00f3 foi que nos puxemos a traballar. Queremos compartir con todos e todas v\u00f3s a experiencia de crear por primeira vez unhas r\u00e9plicas en impresi\u00f3n 3D de produtos de alimentaci\u00f3n para unha obra teatral.<!--more--><\/p>\n<p>O reto sen d\u00fabida foi o de conseguir darlles o realismo preciso para poder utilizalos na representaci\u00f3n, sobre todo as pezas que conforman a mada de grelos, xa que \u00e1 complicaci\u00f3n polo propio dese\u00f1o un\u00edaselle a dificultade de imprimir unha peza tan singular.<\/p>\n\n\t\t<style type=\"text\/css\">\n\t\t\t#gallery-2 {\n\t\t\t\tmargin: auto;\n\t\t\t}\n\t\t\t#gallery-2 .gallery-item {\n\t\t\t\tfloat: left;\n\t\t\t\tmargin-top: 10px;\n\t\t\t\ttext-align: center;\n\t\t\t\twidth: 33%;\n\t\t\t}\n\t\t\t#gallery-2 img {\n\t\t\t\tborder: 2px solid #cfcfcf;\n\t\t\t}\n\t\t\t#gallery-2 .gallery-caption {\n\t\t\t\tmargin-left: 0;\n\t\t\t}\n\t\t\t\/* see gallery_shortcode() in wp-includes\/media.php *\/\n\t\t<\/style>\n\t\t<div id='gallery-2' class='gallery galleryid-5242 gallery-columns-3 gallery-size-thumbnail'><dl class='gallery-item'>\n\t\t\t<dt class='gallery-icon landscape'>\n\t\t\t\t<a href='https:\/\/test.imprimetresde.com\/gl\/atrezzo-para-falar-sen-cancelas-de-culturactiva\/dsc07544-2\/'><img decoding=\"async\" width=\"150\" height=\"150\" src=\"https:\/\/test.imprimetresde.com\/wp-content\/uploads\/2017\/02\/DSC07544-150x150.jpg\" class=\"attachment-thumbnail size-thumbnail\" alt=\"\" aria-describedby=\"gallery-2-5155\" srcset=\"https:\/\/test.imprimetresde.com\/wp-content\/uploads\/2017\/02\/DSC07544-150x150.jpg 150w, https:\/\/test.imprimetresde.com\/wp-content\/uploads\/2017\/02\/DSC07544-100x100.jpg 100w\" sizes=\"(max-width: 150px) 100vw, 150px\" \/><\/a>\n\t\t\t<\/dt>\n\t\t\t\t<dd class='wp-caption-text gallery-caption' id='gallery-2-5155'>\n\t\t\t\tPreparaci\u00f3n das Patacas3d\n\t\t\t\t<\/dd><\/dl><dl class='gallery-item'>\n\t\t\t<dt class='gallery-icon landscape'>\n\t\t\t\t<a href='https:\/\/test.imprimetresde.com\/gl\/atrezzo-para-falar-sen-cancelas-de-culturactiva\/img_20170121_140021b-2\/'><img decoding=\"async\" width=\"150\" height=\"150\" src=\"https:\/\/test.imprimetresde.com\/wp-content\/uploads\/2017\/02\/IMG_20170121_140021b-150x150.jpg\" class=\"attachment-thumbnail size-thumbnail\" alt=\"\" aria-describedby=\"gallery-2-5148\" srcset=\"https:\/\/test.imprimetresde.com\/wp-content\/uploads\/2017\/02\/IMG_20170121_140021b-150x150.jpg 150w, https:\/\/test.imprimetresde.com\/wp-content\/uploads\/2017\/02\/IMG_20170121_140021b-100x100.jpg 100w\" sizes=\"(max-width: 150px) 100vw, 150px\" \/><\/a>\n\t\t\t<\/dt>\n\t\t\t\t<dd class='wp-caption-text gallery-caption' id='gallery-2-5148'>\n\t\t\t\tPreparaci\u00f3n dos Grelos3d\n\t\t\t\t<\/dd><\/dl><dl class='gallery-item'>\n\t\t\t<dt class='gallery-icon landscape'>\n\t\t\t\t<a href='https:\/\/test.imprimetresde.com\/gl\/atrezzo-para-falar-sen-cancelas-de-culturactiva\/dsc07568-2\/'><img decoding=\"async\" width=\"150\" height=\"150\" src=\"https:\/\/test.imprimetresde.com\/wp-content\/uploads\/2017\/02\/DSC07568-150x150.jpg\" class=\"attachment-thumbnail size-thumbnail\" alt=\"\" aria-describedby=\"gallery-2-5152\" srcset=\"https:\/\/test.imprimetresde.com\/wp-content\/uploads\/2017\/02\/DSC07568-150x150.jpg 150w, https:\/\/test.imprimetresde.com\/wp-content\/uploads\/2017\/02\/DSC07568-100x100.jpg 100w\" sizes=\"(max-width: 150px) 100vw, 150px\" \/><\/a>\n\t\t\t<\/dt>\n\t\t\t\t<dd class='wp-caption-text gallery-caption' id='gallery-2-5152'>\n\t\t\t\tAmorodo3d\n\t\t\t\t<\/dd><\/dl><br style=\"clear: both\" \/><dl class='gallery-item'>\n\t\t\t<dt class='gallery-icon landscape'>\n\t\t\t\t<a href='https:\/\/test.imprimetresde.com\/gl\/atrezzo-para-falar-sen-cancelas-de-culturactiva\/dsc07570-2\/'><img decoding=\"async\" width=\"150\" height=\"150\" src=\"https:\/\/test.imprimetresde.com\/wp-content\/uploads\/2017\/02\/DSC07570-150x150.jpg\" class=\"attachment-thumbnail size-thumbnail\" alt=\"\" aria-describedby=\"gallery-2-5151\" srcset=\"https:\/\/test.imprimetresde.com\/wp-content\/uploads\/2017\/02\/DSC07570-150x150.jpg 150w, https:\/\/test.imprimetresde.com\/wp-content\/uploads\/2017\/02\/DSC07570-100x100.jpg 100w\" sizes=\"(max-width: 150px) 100vw, 150px\" \/><\/a>\n\t\t\t<\/dt>\n\t\t\t\t<dd class='wp-caption-text gallery-caption' id='gallery-2-5151'>\n\t\t\t\tAmorodos3d\n\t\t\t\t<\/dd><\/dl><dl class='gallery-item'>\n\t\t\t<dt class='gallery-icon landscape'>\n\t\t\t\t<a href='https:\/\/test.imprimetresde.com\/gl\/atrezzo-para-falar-sen-cancelas-de-culturactiva\/dsc07574-2\/'><img decoding=\"async\" width=\"150\" height=\"150\" src=\"https:\/\/test.imprimetresde.com\/wp-content\/uploads\/2017\/02\/DSC07574-150x150.jpg\" class=\"attachment-thumbnail size-thumbnail\" alt=\"\" aria-describedby=\"gallery-2-5156\" srcset=\"https:\/\/test.imprimetresde.com\/wp-content\/uploads\/2017\/02\/DSC07574-150x150.jpg 150w, https:\/\/test.imprimetresde.com\/wp-content\/uploads\/2017\/02\/DSC07574-100x100.jpg 100w\" sizes=\"(max-width: 150px) 100vw, 150px\" \/><\/a>\n\t\t\t<\/dt>\n\t\t\t\t<dd class='wp-caption-text gallery-caption' id='gallery-2-5156'>\n\t\t\t\tPatacas3d\n\t\t\t\t<\/dd><\/dl><dl class='gallery-item'>\n\t\t\t<dt class='gallery-icon landscape'>\n\t\t\t\t<a href='https:\/\/test.imprimetresde.com\/gl\/atrezzo-para-falar-sen-cancelas-de-culturactiva\/dsc07583-2\/'><img decoding=\"async\" width=\"150\" height=\"150\" src=\"https:\/\/test.imprimetresde.com\/wp-content\/uploads\/2017\/02\/DSC07583-150x150.jpg\" class=\"attachment-thumbnail size-thumbnail\" alt=\"\" aria-describedby=\"gallery-2-5150\" srcset=\"https:\/\/test.imprimetresde.com\/wp-content\/uploads\/2017\/02\/DSC07583-150x150.jpg 150w, https:\/\/test.imprimetresde.com\/wp-content\/uploads\/2017\/02\/DSC07583-100x100.jpg 100w\" sizes=\"(max-width: 150px) 100vw, 150px\" \/><\/a>\n\t\t\t<\/dt>\n\t\t\t\t<dd class='wp-caption-text gallery-caption' id='gallery-2-5150'>\n\t\t\t\tPatacas3d\n\t\t\t\t<\/dd><\/dl><br style=\"clear: both\" \/><dl class='gallery-item'>\n\t\t\t<dt class='gallery-icon landscape'>\n\t\t\t\t<a href='https:\/\/test.imprimetresde.com\/gl\/atrezzo-para-falar-sen-cancelas-de-culturactiva\/dsc07551-2\/'><img decoding=\"async\" width=\"150\" height=\"150\" src=\"https:\/\/test.imprimetresde.com\/wp-content\/uploads\/2017\/02\/DSC07551-150x150.jpg\" class=\"attachment-thumbnail size-thumbnail\" alt=\"\" aria-describedby=\"gallery-2-5153\" srcset=\"https:\/\/test.imprimetresde.com\/wp-content\/uploads\/2017\/02\/DSC07551-150x150.jpg 150w, https:\/\/test.imprimetresde.com\/wp-content\/uploads\/2017\/02\/DSC07551-100x100.jpg 100w\" sizes=\"(max-width: 150px) 100vw, 150px\" \/><\/a>\n\t\t\t<\/dt>\n\t\t\t\t<dd class='wp-caption-text gallery-caption' id='gallery-2-5153'>\n\t\t\t\tGrelo3d\n\t\t\t\t<\/dd><\/dl><dl class='gallery-item'>\n\t\t\t<dt class='gallery-icon landscape'>\n\t\t\t\t<a href='https:\/\/test.imprimetresde.com\/gl\/atrezzo-para-falar-sen-cancelas-de-culturactiva\/dsc07560-2\/'><img decoding=\"async\" width=\"150\" height=\"150\" src=\"https:\/\/test.imprimetresde.com\/wp-content\/uploads\/2017\/02\/DSC07560-150x150.jpg\" class=\"attachment-thumbnail size-thumbnail\" alt=\"\" aria-describedby=\"gallery-2-5154\" srcset=\"https:\/\/test.imprimetresde.com\/wp-content\/uploads\/2017\/02\/DSC07560-150x150.jpg 150w, https:\/\/test.imprimetresde.com\/wp-content\/uploads\/2017\/02\/DSC07560-100x100.jpg 100w\" sizes=\"(max-width: 150px) 100vw, 150px\" \/><\/a>\n\t\t\t<\/dt>\n\t\t\t\t<dd class='wp-caption-text gallery-caption' id='gallery-2-5154'>\n\t\t\t\tGrelos3d\n\t\t\t\t<\/dd><\/dl><dl class='gallery-item'>\n\t\t\t<dt class='gallery-icon landscape'>\n\t\t\t\t<a href='https:\/\/test.imprimetresde.com\/gl\/atrezzo-para-falar-sen-cancelas-de-culturactiva\/dsc07593-2\/'><img decoding=\"async\" width=\"150\" height=\"150\" src=\"https:\/\/test.imprimetresde.com\/wp-content\/uploads\/2017\/02\/DSC07593-150x150.jpg\" class=\"attachment-thumbnail size-thumbnail\" alt=\"\" aria-describedby=\"gallery-2-5149\" srcset=\"https:\/\/test.imprimetresde.com\/wp-content\/uploads\/2017\/02\/DSC07593-150x150.jpg 150w, https:\/\/test.imprimetresde.com\/wp-content\/uploads\/2017\/02\/DSC07593-100x100.jpg 100w\" sizes=\"(max-width: 150px) 100vw, 150px\" \/><\/a>\n\t\t\t<\/dt>\n\t\t\t\t<dd class='wp-caption-text gallery-caption' id='gallery-2-5149'>\n\t\t\t\tPezas embaladas\n\t\t\t\t<\/dd><\/dl><br style=\"clear: both\" \/>\n\t\t<\/div>\n\n<p>Deix\u00e1mosvos varias fotos do \u201cmaking of\u201d das impresi\u00f3ns e o resultado final. A actriz Isabel Risco e os actores Fran Rei e Pedro Brandariz envi\u00e1ronnos tam\u00e9n unha fotograf\u00eda del@s cos produtos xusto antes de comezaren a actuaci\u00f3n. Grazas, Falar sen Cancelas!<\/p>\n<div id=\"attachment_3099\" style=\"width: 650px\" class=\"wp-caption alignnone\"><a href=\"https:\/\/test.imprimetresde.com\/wp-content\/uploads\/2017\/02\/IsaRiscoAtrezzo.jpg\"><img decoding=\"async\" aria-describedby=\"caption-attachment-3099\" class=\"wp-image-3099 size-large\" src=\"https:\/\/test.imprimetresde.com\/wp-content\/uploads\/2017\/02\/IsaRiscoAtrezzo-765x1024.jpg\" alt=\"IsaRiscoAtrezzo\" width=\"640\" height=\"857\" srcset=\"https:\/\/test.imprimetresde.com\/wp-content\/uploads\/2017\/02\/IsaRiscoAtrezzo-765x1024.jpg 765w, https:\/\/test.imprimetresde.com\/wp-content\/uploads\/2017\/02\/IsaRiscoAtrezzo-570x763.jpg 570w, https:\/\/test.imprimetresde.com\/wp-content\/uploads\/2017\/02\/IsaRiscoAtrezzo-224x300.jpg 224w, https:\/\/test.imprimetresde.com\/wp-content\/uploads\/2017\/02\/IsaRiscoAtrezzo.jpg 1936w\" sizes=\"(max-width: 640px) 100vw, 640px\" \/><\/a><p id=\"caption-attachment-3099\" class=\"wp-caption-text\">Isabel Risco co Atrezzo<\/p><\/div>\n<div id=\"attachment_3097\" style=\"width: 650px\" class=\"wp-caption alignnone\"><a href=\"https:\/\/test.imprimetresde.com\/wp-content\/uploads\/2017\/02\/IMG_1566.jpg\"><img decoding=\"async\" aria-describedby=\"caption-attachment-3097\" class=\"wp-image-3097 size-large\" src=\"https:\/\/test.imprimetresde.com\/wp-content\/uploads\/2017\/02\/IMG_1566-768x1024.jpg\" alt=\"IMG_1566\" width=\"640\" height=\"853\" srcset=\"https:\/\/test.imprimetresde.com\/wp-content\/uploads\/2017\/02\/IMG_1566-768x1024.jpg 768w, https:\/\/test.imprimetresde.com\/wp-content\/uploads\/2017\/02\/IMG_1566-570x760.jpg 570w, https:\/\/test.imprimetresde.com\/wp-content\/uploads\/2017\/02\/IMG_1566-225x300.jpg 225w, https:\/\/test.imprimetresde.com\/wp-content\/uploads\/2017\/02\/IMG_1566.jpg 1200w\" sizes=\"(max-width: 640px) 100vw, 640px\" \/><\/a><p id=\"caption-attachment-3097\" class=\"wp-caption-text\">Os Artistas co Atrezzo!!!<\/p><\/div>\n","protected":false},"excerpt":{"rendered":"<p>Cando recibimos o encargo de imprimir amorodos, patacas e grelos para o atrezzo de \u201cFalar sen Cancelas\u201d pensamos que en verdade o equipo de Culturactiva confiaba moito en n\u00f3s! \ud83d\ude00 Mais, tendo xa feita unha m\u00e1is que atinada reproduci\u00f3n dun queixo do pa\u00eds dixemos: por que non? E al\u00f3 foi que nos puxemos a traballar. [&hellip;]<\/p>\n","protected":false},"author":1,"featured_media":5157,"comment_status":"open","ping_status":"open","sticky":false,"template":"","format":"standard","meta":{"_vp_format_video_url":"","_vp_image_focal_point":[],"footnotes":""},"categories":[325],"tags":[181,332,336,334,333,335],"class_list":["post-5242","post","type-post","status-publish","format-standard","has-post-thumbnail","hentry","category-realizacions-gl","tag-atrezzo-teatral","tag-culturactiva-gl","tag-falar-sen-cancelas-gl","tag-fran-rei-gl","tag-isabel-risco-gl","tag-pedro-brandariz-gl"],"_links":{"self":[{"href":"https:\/\/test.imprimetresde.com\/gl\/wp-json\/wp\/v2\/posts\/5242","targetHints":{"allow":["GET"]}}],"collection":[{"href":"https:\/\/test.imprimetresde.com\/gl\/wp-json\/wp\/v2\/posts"}],"about":[{"href":"https:\/\/test.imprimetresde.com\/gl\/wp-json\/wp\/v2\/types\/post"}],"author":[{"embeddable":true,"href":"https:\/\/test.imprimetresde.com\/gl\/wp-json\/wp\/v2\/users\/1"}],"replies":[{"embeddable":true,"href":"https:\/\/test.imprimetresde.com\/gl\/wp-json\/wp\/v2\/comments?post=5242"}],"version-history":[{"count":0,"href":"https:\/\/test.imprimetresde.com\/gl\/wp-json\/wp\/v2\/posts\/5242\/revisions"}],"wp:featuredmedia":[{"embeddable":true,"href":"https:\/\/test.imprimetresde.com\/gl\/wp-json\/wp\/v2\/media\/5157"}],"wp:attachment":[{"href":"https:\/\/test.imprimetresde.com\/gl\/wp-json\/wp\/v2\/media?parent=5242"}],"wp:term":[{"taxonomy":"category","embeddable":true,"href":"https:\/\/test.imprimetresde.com\/gl\/wp-json\/wp\/v2\/categories?post=5242"},{"taxonomy":"post_tag","embeddable":true,"href":"https:\/\/test.imprimetresde.com\/gl\/wp-json\/wp\/v2\/tags?post=5242"}],"curies":[{"name":"wp","href":"https:\/\/api.w.org\/{rel}","templated":true}]}}